{"id":9956,"date":"2024-01-05T13:45:14","date_gmt":"2024-01-05T13:45:14","guid":{"rendered":"https:\/\/www.rheuma.be\/temoignage-emouvant-dun-patient-face-au-diagnostic-de-polyarthrite-rhumatoide\/"},"modified":"2024-02-05T13:54:24","modified_gmt":"2024-02-05T13:54:24","slug":"temoignage-emouvant-dun-patient-face-au-diagnostic-de-polyarthrite-rhumatoide","status":"publish","type":"post","link":"https:\/\/www.rheuma.be\/nl\/temoignage-emouvant-dun-patient-face-au-diagnostic-de-polyarthrite-rhumatoide\/","title":{"rendered":"Het aangrijpende verslag van een pati\u00ebnt over zijn diagnose van reumato\u00efde artritis"},"content":{"rendered":"\n<figure class=\"wp-block-embed is-type-video is-provider-youtube wp-block-embed-youtube wp-embed-aspect-16-9 wp-has-aspect-ratio\"><div class=\"wp-block-embed__wrapper\">\n<iframe title=\"Interview de L\u00e9on Dobbelstein :  Patient de l&#039;association Clair.be\" width=\"800\" height=\"450\" src=\"https:\/\/www.youtube.com\/embed\/VWdw8Xuk3hI?feature=oembed\" frameborder=\"0\" allow=\"accelerometer; autoplay; clipboard-write; encrypted-media; gyroscope; picture-in-picture; web-share\" allowfullscreen><\/iframe>\n<\/div><\/figure>\n","protected":false},"excerpt":{"rendered":"<p>Ontmoet L\u00e9on en luister naar zijn ervaring met de diagnose die zijn leven voorgoed veranderde <\/p>\n","protected":false},"author":3,"featured_media":9951,"comment_status":"open","ping_status":"open","sticky":false,"template":"","format":"standard","meta":{"_acf_changed":false,"_uag_custom_page_level_css":"","footnotes":""},"categories":[46],"tags":[],"location":[60],"class_list":["post-9956","post","type-post","status-publish","format-standard","has-post-thumbnail","hentry","category-geen-onderdeel-van-een-categorie","location-donate-nl"],"acf":[],"yoast_head":"<!-- This site is optimized with the Yoast SEO plugin v27.5 - https:\/\/yoast.com\/product\/yoast-seo-wordpress\/ -->\n<title>Het aangrijpende verslag van een pati\u00ebnt over zijn diagnose van reumato\u00efde artritis - Rheuma<\/title>\n<meta name=\"description\" content=\"Het aangrijpende verslag van een pati\u00ebnt over zijn diagnose van reumato\u00efde artritis\" \/>\n<meta name=\"robots\" content=\"index, follow, max-snippet:-1, max-image-preview:large, max-video-preview:-1\" \/>\n<link rel=\"canonical\" href=\"https:\/\/www.rheuma.be\/nl\/temoignage-emouvant-dun-patient-face-au-diagnostic-de-polyarthrite-rhumatoide\/\" \/>\n<meta property=\"og:locale\" content=\"nl_NL\" \/>\n<meta property=\"og:type\" content=\"article\" \/>\n<meta property=\"og:title\" content=\"Het aangrijpende verslag van een pati\u00ebnt over zijn diagnose van reumato\u00efde artritis - Rheuma\" \/>\n<meta property=\"og:description\" content=\"Het aangrijpende verslag van een pati\u00ebnt over zijn diagnose van reumato\u00efde artritis\" \/>\n<meta property=\"og:url\" content=\"https:\/\/www.rheuma.be\/nl\/temoignage-emouvant-dun-patient-face-au-diagnostic-de-polyarthrite-rhumatoide\/\" \/>\n<meta property=\"og:site_name\" content=\"Rheuma\" \/>\n<meta property=\"article:published_time\" content=\"2024-01-05T13:45:14+00:00\" \/>\n<meta property=\"article:modified_time\" content=\"2024-02-05T13:54:24+00:00\" \/>\n<meta property=\"og:image\" content=\"https:\/\/www.rheuma.be\/wp-content\/uploads\/2024\/02\/patient-polyarthrite-rhumatoide-1024x616.png\" \/>\n\t<meta property=\"og:image:width\" content=\"1024\" \/>\n\t<meta property=\"og:image:height\" content=\"616\" \/>\n\t<meta property=\"og:image:type\" content=\"image\/png\" \/>\n<meta name=\"author\" content=\"Saskia\" \/>\n<meta name=\"twitter:card\" content=\"summary_large_image\" \/>\n<meta name=\"twitter:label1\" content=\"Geschreven door\" \/>\n\t<meta name=\"twitter:data1\" content=\"Saskia\" \/>\n\t<meta name=\"twitter:label2\" content=\"Geschatte leestijd\" \/>\n\t<meta name=\"twitter:data2\" content=\"1 minuut\" \/>\n<script type=\"application\/ld+json\" class=\"yoast-schema-graph\">{\"@context\":\"https:\\\/\\\/schema.org\",\"@graph\":[{\"@type\":\"Article\",\"@id\":\"https:\\\/\\\/www.rheuma.be\\\/nl\\\/temoignage-emouvant-dun-patient-face-au-diagnostic-de-polyarthrite-rhumatoide\\\/#article\",\"isPartOf\":{\"@id\":\"https:\\\/\\\/www.rheuma.be\\\/nl\\\/temoignage-emouvant-dun-patient-face-au-diagnostic-de-polyarthrite-rhumatoide\\\/\"},\"author\":{\"name\":\"Saskia\",\"@id\":\"https:\\\/\\\/www.rheuma.be\\\/nl\\\/#\\\/schema\\\/person\\\/9c6de90570b97dd47355b2cfe70ba2c4\"},\"headline\":\"Het aangrijpende verslag van een pati\u00ebnt over zijn diagnose van reumato\u00efde artritis\",\"datePublished\":\"2024-01-05T13:45:14+00:00\",\"dateModified\":\"2024-02-05T13:54:24+00:00\",\"mainEntityOfPage\":{\"@id\":\"https:\\\/\\\/www.rheuma.be\\\/nl\\\/temoignage-emouvant-dun-patient-face-au-diagnostic-de-polyarthrite-rhumatoide\\\/\"},\"wordCount\":20,\"commentCount\":0,\"publisher\":{\"@id\":\"https:\\\/\\\/www.rheuma.be\\\/nl\\\/#organization\"},\"image\":{\"@id\":\"https:\\\/\\\/www.rheuma.be\\\/nl\\\/temoignage-emouvant-dun-patient-face-au-diagnostic-de-polyarthrite-rhumatoide\\\/#primaryimage\"},\"thumbnailUrl\":\"https:\\\/\\\/www.rheuma.be\\\/wp-content\\\/uploads\\\/2024\\\/02\\\/patient-polyarthrite-rhumatoide.png\",\"articleSection\":[\"Geen onderdeel van een categorie\"],\"inLanguage\":\"nl-NL\",\"potentialAction\":[{\"@type\":\"CommentAction\",\"name\":\"Comment\",\"target\":[\"https:\\\/\\\/www.rheuma.be\\\/nl\\\/temoignage-emouvant-dun-patient-face-au-diagnostic-de-polyarthrite-rhumatoide\\\/#respond\"]}]},{\"@type\":\"WebPage\",\"@id\":\"https:\\\/\\\/www.rheuma.be\\\/nl\\\/temoignage-emouvant-dun-patient-face-au-diagnostic-de-polyarthrite-rhumatoide\\\/\",\"url\":\"https:\\\/\\\/www.rheuma.be\\\/nl\\\/temoignage-emouvant-dun-patient-face-au-diagnostic-de-polyarthrite-rhumatoide\\\/\",\"name\":\"Het aangrijpende verslag van een pati\u00ebnt over zijn diagnose van reumato\u00efde artritis - Rheuma\",\"isPartOf\":{\"@id\":\"https:\\\/\\\/www.rheuma.be\\\/nl\\\/#website\"},\"primaryImageOfPage\":{\"@id\":\"https:\\\/\\\/www.rheuma.be\\\/nl\\\/temoignage-emouvant-dun-patient-face-au-diagnostic-de-polyarthrite-rhumatoide\\\/#primaryimage\"},\"image\":{\"@id\":\"https:\\\/\\\/www.rheuma.be\\\/nl\\\/temoignage-emouvant-dun-patient-face-au-diagnostic-de-polyarthrite-rhumatoide\\\/#primaryimage\"},\"thumbnailUrl\":\"https:\\\/\\\/www.rheuma.be\\\/wp-content\\\/uploads\\\/2024\\\/02\\\/patient-polyarthrite-rhumatoide.png\",\"datePublished\":\"2024-01-05T13:45:14+00:00\",\"dateModified\":\"2024-02-05T13:54:24+00:00\",\"description\":\"Het aangrijpende verslag van een pati\u00ebnt over zijn diagnose van reumato\u00efde artritis\",\"inLanguage\":\"nl-NL\",\"potentialAction\":[{\"@type\":\"ReadAction\",\"target\":[\"https:\\\/\\\/www.rheuma.be\\\/nl\\\/temoignage-emouvant-dun-patient-face-au-diagnostic-de-polyarthrite-rhumatoide\\\/\"]}]},{\"@type\":\"ImageObject\",\"inLanguage\":\"nl-NL\",\"@id\":\"https:\\\/\\\/www.rheuma.be\\\/nl\\\/temoignage-emouvant-dun-patient-face-au-diagnostic-de-polyarthrite-rhumatoide\\\/#primaryimage\",\"url\":\"https:\\\/\\\/www.rheuma.be\\\/wp-content\\\/uploads\\\/2024\\\/02\\\/patient-polyarthrite-rhumatoide.png\",\"contentUrl\":\"https:\\\/\\\/www.rheuma.be\\\/wp-content\\\/uploads\\\/2024\\\/02\\\/patient-polyarthrite-rhumatoide.png\",\"width\":2487,\"height\":1497,\"caption\":\"patient polyarthrite rhumatoide\"},{\"@type\":\"WebSite\",\"@id\":\"https:\\\/\\\/www.rheuma.be\\\/nl\\\/#website\",\"url\":\"https:\\\/\\\/www.rheuma.be\\\/nl\\\/\",\"name\":\"Rheuma\",\"description\":\"KBVR\",\"publisher\":{\"@id\":\"https:\\\/\\\/www.rheuma.be\\\/nl\\\/#organization\"},\"potentialAction\":[{\"@type\":\"SearchAction\",\"target\":{\"@type\":\"EntryPoint\",\"urlTemplate\":\"https:\\\/\\\/www.rheuma.be\\\/nl\\\/?s={search_term_string}\"},\"query-input\":{\"@type\":\"PropertyValueSpecification\",\"valueRequired\":true,\"valueName\":\"search_term_string\"}}],\"inLanguage\":\"nl-NL\"},{\"@type\":\"Organization\",\"@id\":\"https:\\\/\\\/www.rheuma.be\\\/nl\\\/#organization\",\"name\":\"De Koninklijke Belgische Vereniging voor Reumatologie\",\"alternateName\":\"KBVR\",\"url\":\"https:\\\/\\\/www.rheuma.be\\\/nl\\\/\",\"logo\":{\"@type\":\"ImageObject\",\"inLanguage\":\"nl-NL\",\"@id\":\"https:\\\/\\\/www.rheuma.be\\\/nl\\\/#\\\/schema\\\/logo\\\/image\\\/\",\"url\":\"https:\\\/\\\/www.rheuma.be\\\/wp-content\\\/uploads\\\/2023\\\/05\\\/rheuma.be-donate.webp\",\"contentUrl\":\"https:\\\/\\\/www.rheuma.be\\\/wp-content\\\/uploads\\\/2023\\\/05\\\/rheuma.be-donate.webp\",\"width\":1498,\"height\":464,\"caption\":\"De Koninklijke Belgische Vereniging voor Reumatologie\"},\"image\":{\"@id\":\"https:\\\/\\\/www.rheuma.be\\\/nl\\\/#\\\/schema\\\/logo\\\/image\\\/\"}},{\"@type\":\"Person\",\"@id\":\"https:\\\/\\\/www.rheuma.be\\\/nl\\\/#\\\/schema\\\/person\\\/9c6de90570b97dd47355b2cfe70ba2c4\",\"name\":\"Saskia\",\"image\":{\"@type\":\"ImageObject\",\"inLanguage\":\"nl-NL\",\"@id\":\"https:\\\/\\\/secure.gravatar.com\\\/avatar\\\/e6774ca1c3a2c502333d83f8f70d50d84fcd58327474768ba49fdfa320276bed?s=96&d=mm&r=g\",\"url\":\"https:\\\/\\\/secure.gravatar.com\\\/avatar\\\/e6774ca1c3a2c502333d83f8f70d50d84fcd58327474768ba49fdfa320276bed?s=96&d=mm&r=g\",\"contentUrl\":\"https:\\\/\\\/secure.gravatar.com\\\/avatar\\\/e6774ca1c3a2c502333d83f8f70d50d84fcd58327474768ba49fdfa320276bed?s=96&d=mm&r=g\",\"caption\":\"Saskia\"}}]}<\/script>\n<!-- \/ Yoast SEO plugin. -->","yoast_head_json":{"title":"Het aangrijpende verslag van een pati\u00ebnt over zijn diagnose van reumato\u00efde artritis - Rheuma","description":"Het aangrijpende verslag van een pati\u00ebnt over zijn diagnose van reumato\u00efde artritis","robots":{"index":"index","follow":"follow","max-snippet":"max-snippet:-1","max-image-preview":"max-image-preview:large","max-video-preview":"max-video-preview:-1"},"canonical":"https:\/\/www.rheuma.be\/nl\/temoignage-emouvant-dun-patient-face-au-diagnostic-de-polyarthrite-rhumatoide\/","og_locale":"nl_NL","og_type":"article","og_title":"Het aangrijpende verslag van een pati\u00ebnt over zijn diagnose van reumato\u00efde artritis - Rheuma","og_description":"Het aangrijpende verslag van een pati\u00ebnt over zijn diagnose van reumato\u00efde artritis","og_url":"https:\/\/www.rheuma.be\/nl\/temoignage-emouvant-dun-patient-face-au-diagnostic-de-polyarthrite-rhumatoide\/","og_site_name":"Rheuma","article_published_time":"2024-01-05T13:45:14+00:00","article_modified_time":"2024-02-05T13:54:24+00:00","og_image":[{"width":1024,"height":616,"url":"https:\/\/www.rheuma.be\/wp-content\/uploads\/2024\/02\/patient-polyarthrite-rhumatoide-1024x616.png","type":"image\/png"}],"author":"Saskia","twitter_card":"summary_large_image","twitter_misc":{"Geschreven door":"Saskia","Geschatte leestijd":"1 minuut"},"schema":{"@context":"https:\/\/schema.org","@graph":[{"@type":"Article","@id":"https:\/\/www.rheuma.be\/nl\/temoignage-emouvant-dun-patient-face-au-diagnostic-de-polyarthrite-rhumatoide\/#article","isPartOf":{"@id":"https:\/\/www.rheuma.be\/nl\/temoignage-emouvant-dun-patient-face-au-diagnostic-de-polyarthrite-rhumatoide\/"},"author":{"name":"Saskia","@id":"https:\/\/www.rheuma.be\/nl\/#\/schema\/person\/9c6de90570b97dd47355b2cfe70ba2c4"},"headline":"Het aangrijpende verslag van een pati\u00ebnt over zijn diagnose van reumato\u00efde artritis","datePublished":"2024-01-05T13:45:14+00:00","dateModified":"2024-02-05T13:54:24+00:00","mainEntityOfPage":{"@id":"https:\/\/www.rheuma.be\/nl\/temoignage-emouvant-dun-patient-face-au-diagnostic-de-polyarthrite-rhumatoide\/"},"wordCount":20,"commentCount":0,"publisher":{"@id":"https:\/\/www.rheuma.be\/nl\/#organization"},"image":{"@id":"https:\/\/www.rheuma.be\/nl\/temoignage-emouvant-dun-patient-face-au-diagnostic-de-polyarthrite-rhumatoide\/#primaryimage"},"thumbnailUrl":"https:\/\/www.rheuma.be\/wp-content\/uploads\/2024\/02\/patient-polyarthrite-rhumatoide.png","articleSection":["Geen onderdeel van een categorie"],"inLanguage":"nl-NL","potentialAction":[{"@type":"CommentAction","name":"Comment","target":["https:\/\/www.rheuma.be\/nl\/temoignage-emouvant-dun-patient-face-au-diagnostic-de-polyarthrite-rhumatoide\/#respond"]}]},{"@type":"WebPage","@id":"https:\/\/www.rheuma.be\/nl\/temoignage-emouvant-dun-patient-face-au-diagnostic-de-polyarthrite-rhumatoide\/","url":"https:\/\/www.rheuma.be\/nl\/temoignage-emouvant-dun-patient-face-au-diagnostic-de-polyarthrite-rhumatoide\/","name":"Het aangrijpende verslag van een pati\u00ebnt over zijn diagnose van reumato\u00efde artritis - Rheuma","isPartOf":{"@id":"https:\/\/www.rheuma.be\/nl\/#website"},"primaryImageOfPage":{"@id":"https:\/\/www.rheuma.be\/nl\/temoignage-emouvant-dun-patient-face-au-diagnostic-de-polyarthrite-rhumatoide\/#primaryimage"},"image":{"@id":"https:\/\/www.rheuma.be\/nl\/temoignage-emouvant-dun-patient-face-au-diagnostic-de-polyarthrite-rhumatoide\/#primaryimage"},"thumbnailUrl":"https:\/\/www.rheuma.be\/wp-content\/uploads\/2024\/02\/patient-polyarthrite-rhumatoide.png","datePublished":"2024-01-05T13:45:14+00:00","dateModified":"2024-02-05T13:54:24+00:00","description":"Het aangrijpende verslag van een pati\u00ebnt over zijn diagnose van reumato\u00efde artritis","inLanguage":"nl-NL","potentialAction":[{"@type":"ReadAction","target":["https:\/\/www.rheuma.be\/nl\/temoignage-emouvant-dun-patient-face-au-diagnostic-de-polyarthrite-rhumatoide\/"]}]},{"@type":"ImageObject","inLanguage":"nl-NL","@id":"https:\/\/www.rheuma.be\/nl\/temoignage-emouvant-dun-patient-face-au-diagnostic-de-polyarthrite-rhumatoide\/#primaryimage","url":"https:\/\/www.rheuma.be\/wp-content\/uploads\/2024\/02\/patient-polyarthrite-rhumatoide.png","contentUrl":"https:\/\/www.rheuma.be\/wp-content\/uploads\/2024\/02\/patient-polyarthrite-rhumatoide.png","width":2487,"height":1497,"caption":"patient polyarthrite rhumatoide"},{"@type":"WebSite","@id":"https:\/\/www.rheuma.be\/nl\/#website","url":"https:\/\/www.rheuma.be\/nl\/","name":"Rheuma","description":"KBVR","publisher":{"@id":"https:\/\/www.rheuma.be\/nl\/#organization"},"potentialAction":[{"@type":"SearchAction","target":{"@type":"EntryPoint","urlTemplate":"https:\/\/www.rheuma.be\/nl\/?s={search_term_string}"},"query-input":{"@type":"PropertyValueSpecification","valueRequired":true,"valueName":"search_term_string"}}],"inLanguage":"nl-NL"},{"@type":"Organization","@id":"https:\/\/www.rheuma.be\/nl\/#organization","name":"De Koninklijke Belgische Vereniging voor Reumatologie","alternateName":"KBVR","url":"https:\/\/www.rheuma.be\/nl\/","logo":{"@type":"ImageObject","inLanguage":"nl-NL","@id":"https:\/\/www.rheuma.be\/nl\/#\/schema\/logo\/image\/","url":"https:\/\/www.rheuma.be\/wp-content\/uploads\/2023\/05\/rheuma.be-donate.webp","contentUrl":"https:\/\/www.rheuma.be\/wp-content\/uploads\/2023\/05\/rheuma.be-donate.webp","width":1498,"height":464,"caption":"De Koninklijke Belgische Vereniging voor Reumatologie"},"image":{"@id":"https:\/\/www.rheuma.be\/nl\/#\/schema\/logo\/image\/"}},{"@type":"Person","@id":"https:\/\/www.rheuma.be\/nl\/#\/schema\/person\/9c6de90570b97dd47355b2cfe70ba2c4","name":"Saskia","image":{"@type":"ImageObject","inLanguage":"nl-NL","@id":"https:\/\/secure.gravatar.com\/avatar\/e6774ca1c3a2c502333d83f8f70d50d84fcd58327474768ba49fdfa320276bed?s=96&d=mm&r=g","url":"https:\/\/secure.gravatar.com\/avatar\/e6774ca1c3a2c502333d83f8f70d50d84fcd58327474768ba49fdfa320276bed?s=96&d=mm&r=g","contentUrl":"https:\/\/secure.gravatar.com\/avatar\/e6774ca1c3a2c502333d83f8f70d50d84fcd58327474768ba49fdfa320276bed?s=96&d=mm&r=g","caption":"Saskia"}}]}},"uagb_featured_image_src":{"full":["https:\/\/www.rheuma.be\/wp-content\/uploads\/2024\/02\/patient-polyarthrite-rhumatoide.png",2487,1497,false],"thumbnail":["https:\/\/www.rheuma.be\/wp-content\/uploads\/2024\/02\/patient-polyarthrite-rhumatoide-150x150.png",150,150,true],"medium":["https:\/\/www.rheuma.be\/wp-content\/uploads\/2024\/02\/patient-polyarthrite-rhumatoide-300x181.png",300,181,true],"medium_large":["https:\/\/www.rheuma.be\/wp-content\/uploads\/2024\/02\/patient-polyarthrite-rhumatoide-768x462.png",768,462,true],"large":["https:\/\/www.rheuma.be\/wp-content\/uploads\/2024\/02\/patient-polyarthrite-rhumatoide-1024x616.png",800,481,true],"1536x1536":["https:\/\/www.rheuma.be\/wp-content\/uploads\/2024\/02\/patient-polyarthrite-rhumatoide-1536x925.png",1536,925,true],"2048x2048":["https:\/\/www.rheuma.be\/wp-content\/uploads\/2024\/02\/patient-polyarthrite-rhumatoide-2048x1233.png",2048,1233,true]},"uagb_author_info":{"display_name":"Saskia","author_link":"https:\/\/www.rheuma.be\/nl\/author\/saskia\/"},"uagb_comment_info":0,"uagb_excerpt":"Ontmoet L\u00e9on en luister naar zijn ervaring met de diagnose die zijn leven voorgoed veranderde","_links":{"self":[{"href":"https:\/\/www.rheuma.be\/nl\/wp-json\/wp\/v2\/posts\/9956","targetHints":{"allow":["GET"]}}],"collection":[{"href":"https:\/\/www.rheuma.be\/nl\/wp-json\/wp\/v2\/posts"}],"about":[{"href":"https:\/\/www.rheuma.be\/nl\/wp-json\/wp\/v2\/types\/post"}],"author":[{"embeddable":true,"href":"https:\/\/www.rheuma.be\/nl\/wp-json\/wp\/v2\/users\/3"}],"replies":[{"embeddable":true,"href":"https:\/\/www.rheuma.be\/nl\/wp-json\/wp\/v2\/comments?post=9956"}],"version-history":[{"count":1,"href":"https:\/\/www.rheuma.be\/nl\/wp-json\/wp\/v2\/posts\/9956\/revisions"}],"predecessor-version":[{"id":9958,"href":"https:\/\/www.rheuma.be\/nl\/wp-json\/wp\/v2\/posts\/9956\/revisions\/9958"}],"wp:featuredmedia":[{"embeddable":true,"href":"https:\/\/www.rheuma.be\/nl\/wp-json\/wp\/v2\/media\/9951"}],"wp:attachment":[{"href":"https:\/\/www.rheuma.be\/nl\/wp-json\/wp\/v2\/media?parent=9956"}],"wp:term":[{"taxonomy":"category","embeddable":true,"href":"https:\/\/www.rheuma.be\/nl\/wp-json\/wp\/v2\/categories?post=9956"},{"taxonomy":"post_tag","embeddable":true,"href":"https:\/\/www.rheuma.be\/nl\/wp-json\/wp\/v2\/tags?post=9956"},{"taxonomy":"location","embeddable":true,"href":"https:\/\/www.rheuma.be\/nl\/wp-json\/wp\/v2\/location?post=9956"}],"curies":[{"name":"wp","href":"https:\/\/api.w.org\/{rel}","templated":true}]}}